{"id":1182,"date":"2026-09-01T10:15:24","date_gmt":"2026-09-01T13:15:24","guid":{"rendered":"https:\/\/admin.eesc.usp.br\/fomento\/?p=1182"},"modified":"2026-09-01T10:15:24","modified_gmt":"2026-09-01T13:15:24","slug":"programa-oferece-bolsas-de-estudo-de-r-1-00000-por-mes-e-certificado-de-conclusao-para-estudantes-de-graduacao-da-usp","status":"publish","type":"post","link":"https:\/\/admin.eesc.usp.br\/fomento\/?p=1182","title":{"rendered":"Programa oferece bolsas de estudo de R$ 1.000,00 por m\u00eas e certificado de conclus\u00e3o para estudantes de gradua\u00e7\u00e3o da USP"},"content":{"rendered":"<p>O <strong>Samsung Ocean<\/strong>, em parceria com o Inova USP, est\u00e1 com inscri\u00e7\u00f5es abertas para o seu\u00a0<strong>2\u00ba Programa de Resid\u00eancia Tecnol\u00f3gica em Sa\u00fade Digital<\/strong>,\u00a0<a href=\"https:\/\/docs.google.com\/forms\/d\/e\/1FAIpQLScxl245x0Uq0Vw8tBOx9ek8zxE_GYY3pMPiuaXEJVPQOdH_kQ\/viewform\" target=\"_blank\" rel=\"noopener\" data-saferedirecturl=\"https:\/\/www.google.com\/url?q=https:\/\/docs.google.com\/forms\/d\/e\/1FAIpQLScxl245x0Uq0Vw8tBOx9ek8zxE_GYY3pMPiuaXEJVPQOdH_kQ\/viewform&amp;source=gmail&amp;ust=1788330329126000&amp;usg=AOvVaw186iiq4N7TZT6SxfASGKRG\"><strong>inscreva-se aqui<\/strong><\/a>. O programa se destina aos estudantes de gradua\u00e7\u00e3o da USP, de todas as \u00e1reas, maiores de 18 anos, interessados em tecnologia da informa\u00e7\u00e3o, sa\u00fade digital e design, para quem ser\u00e3o oferecidas bolsas de estudos mensais no valor de\u00a0<strong>R$ 1.000,00<\/strong>.\u00a0<strong>A dura\u00e7\u00e3o da resid\u00eancia ser\u00e1 de seis meses, tendo in\u00edcio em 1\u00ba de novembro de 2026 e t&amp;eac ute;rmino em 30 de abril de 2027<\/strong>,\u00a0<a href=\"https:\/\/drive.google.com\/file\/d\/1bqAeb6zh4S32G7IeWZr9vx-BIAeTXi3I\/view?usp=sharing\" target=\"_blank\" rel=\"noopener\" data-saferedirecturl=\"https:\/\/www.google.com\/url?q=https:\/\/drive.google.com\/file\/d\/1bqAeb6zh4S32G7IeWZr9vx-BIAeTXi3I\/view?usp%3Dsharing&amp;source=gmail&amp;ust=1788330329126000&amp;usg=AOvVaw3iqGQMZSA2g49PIEvESplM\">confira o edital<\/a>.<\/p>\n<p><strong>Oportunidades e diferenciais do Programa<\/strong><\/p>\n<p>O programa proporciona uma imers\u00e3o pr\u00e1tica em pesquisa, desenvolvimento e inova\u00e7\u00e3o em sa\u00fade, com foco na resolu\u00e7\u00e3o de desafios reais. Esses desafios ser\u00e3o propostos por institui\u00e7\u00f5es de sa\u00fade da USP e tamb\u00e9m por institui\u00e7\u00f5es parceiras.<\/p>\n<p>As atividades presenciais ser\u00e3o realizadas semanalmente no Ocean InovaUSP. Durante a resid\u00eancia, os alunos trabalhar\u00e3o em equipes interdisciplinares com foco na identifica\u00e7\u00e3o e na resolu\u00e7\u00e3o dos problemas selecionados.<\/p>\n<p>Em sua primeira edi\u00e7\u00e3o, realizada em parceria com o InovaHC, Laborat\u00f3rio Fleury e Pipo Sa\u00fade, os alunos desenvolveram projetos relacionados com reconhecimento de imagens, identifica\u00e7\u00e3o de biomarcadores, letramento digital, rotas acess\u00edveis, entre outros.<\/p>\n<p><strong>Parcerias e apoio<\/strong><br \/>\nA iniciativa \u00e9 uma parceria entre Samsung Ocean, Universidade de S\u00e3o Paulo (USP), Universidade de Bras\u00edlia (UnB) e a Universidade do Estado do Amazonas (UEA).<\/p>\n<p><strong>As inscri\u00e7\u00f5es est\u00e3o abertas at\u00e9 o dia 18 de setembro e o formul\u00e1rio de inscri\u00e7\u00e3o encontra-se dispon\u00edvel no endere\u00e7o<\/strong>:<br \/>\n<a title=\"https:\/\/hotsites.oceanbrasil.com\/ocean-residencia\/\" href=\"https:\/\/hotsites.oceanbrasil.com\/ocean-residencia\/\" target=\"_blank\" rel=\"noopener\" data-saferedirecturl=\"https:\/\/www.google.com\/url?q=https:\/\/hotsites.oceanbrasil.com\/ocean-residencia\/&amp;source=gmail&amp;ust=1788330329126000&amp;usg=AOvVaw1X8Td_UzITK8R2fU2sSjeH\">https:\/\/hotsites.oceanbrasil.<wbr \/>com\/ocean-residencia\/<\/a><\/p>\n<p>Resid\u00eancia em TIC 53 \u2013 Capacita\u00e7\u00e3o Tecnol\u00f3gica e Empreendedora. Coordena\u00e7\u00e3o da Softex, apoio do Minist\u00e9rio da Ci\u00eancia, Tecnologia e Inova\u00e7\u00f5es, com recursos da Lei de TIC n\u00ba 8.248 de 23 de outubro de 1991.<\/p>\n<p>\nTexto: InovaUSP &amp; AUSPIN<\/p>\n","protected":false},"excerpt":{"rendered":"<p>O Samsung Ocean, em parceria com o Inova USP, est\u00e1 com inscri\u00e7\u00f5es abertas para o seu\u00a02\u00ba Programa de Resid\u00eancia Tecnol\u00f3gica em Sa\u00fade Digital,\u00a0inscreva-se aqui. O programa se destina aos estudantes de gradua\u00e7\u00e3o da USP, de todas as \u00e1reas, maiores de 18 anos, interessados em tecnologia da informa\u00e7\u00e3o, sa\u00fade digital e design, para quem ser\u00e3o oferecidas [&hellip;]<\/p>\n","protected":false},"author":3,"featured_media":0,"comment_status":"closed","ping_status":"closed","sticky":false,"template":"","format":"standard","meta":{"footnotes":""},"categories":[5],"tags":[],"class_list":["post-1182","post","type-post","status-publish","format-standard","hentry","category-edital-aluno"],"_links":{"self":[{"href":"https:\/\/admin.eesc.usp.br\/fomento\/index.php?rest_route=\/wp\/v2\/posts\/1182","targetHints":{"allow":["GET"]}}],"collection":[{"href":"https:\/\/admin.eesc.usp.br\/fomento\/index.php?rest_route=\/wp\/v2\/posts"}],"about":[{"href":"https:\/\/admin.eesc.usp.br\/fomento\/index.php?rest_route=\/wp\/v2\/types\/post"}],"author":[{"embeddable":true,"href":"https:\/\/admin.eesc.usp.br\/fomento\/index.php?rest_route=\/wp\/v2\/users\/3"}],"replies":[{"embeddable":true,"href":"https:\/\/admin.eesc.usp.br\/fomento\/index.php?rest_route=%2Fwp%2Fv2%2Fcomments&post=1182"}],"version-history":[{"count":1,"href":"https:\/\/admin.eesc.usp.br\/fomento\/index.php?rest_route=\/wp\/v2\/posts\/1182\/revisions"}],"predecessor-version":[{"id":1183,"href":"https:\/\/admin.eesc.usp.br\/fomento\/index.php?rest_route=\/wp\/v2\/posts\/1182\/revisions\/1183"}],"wp:attachment":[{"href":"https:\/\/admin.eesc.usp.br\/fomento\/index.php?rest_route=%2Fwp%2Fv2%2Fmedia&parent=1182"}],"wp:term":[{"taxonomy":"category","embeddable":true,"href":"https:\/\/admin.eesc.usp.br\/fomento\/index.php?rest_route=%2Fwp%2Fv2%2Fcategories&post=1182"},{"taxonomy":"post_tag","embeddable":true,"href":"https:\/\/admin.eesc.usp.br\/fomento\/index.php?rest_route=%2Fwp%2Fv2%2Ftags&post=1182"}],"curies":[{"name":"wp","href":"https:\/\/api.w.org\/{rel}","templated":true}]}}