{"id":1184,"date":"2026-09-01T11:04:22","date_gmt":"2026-09-01T14:04:22","guid":{"rendered":"https:\/\/admin.eesc.usp.br\/fomento\/?p=1184"},"modified":"2026-09-01T11:05:07","modified_gmt":"2026-09-01T14:05:07","slug":"usp-pensa-brasil-conhecimento-cientifico-democracia-e-universidade-protegendo-as-diferencas-do-pensar","status":"publish","type":"post","link":"https:\/\/admin.eesc.usp.br\/fomento\/?p=1184","title":{"rendered":"USP Pensa Brasil &#8211; Conhecimento Cient\u00edfico, Democracia e Universidade: Protegendo as Diferen\u00e7as do Pensar"},"content":{"rendered":"<div>O\u00a0<a href=\"https:\/\/www.pensabrasil.usp.br\/\" target=\"_blank\" rel=\"noopener\" data-saferedirecturl=\"https:\/\/www.google.com\/url?q=https:\/\/www.pensabrasil.usp.br&amp;source=gmail&amp;ust=1788286646467000&amp;usg=AOvVaw06ssbSXnc88F6-z0StnMn9\">USP Pensa Brasil<\/a>\u00a0ser\u00e1 realizado entre 14 e 18 de setembro de 2026 com o tema &#8220;Crise da Democracia e Viol\u00eancia Social&#8221;. A Pr\u00f3-Reitoria de Pesquisa e Inova\u00e7\u00e3o est\u00e1 presente na programa\u00e7\u00e3o do evento com a mesa &#8220;<b>Conhecimento Cient\u00edfico, Democracia e Universidade: Protegendo as Diferen\u00e7as do Pensar<\/b>&#8220;, com a participa\u00e7\u00e3o da Profa. Nina Ranieri (FD-USP) e do Prof. Antonio Meirelles (FAPESP) e media\u00e7\u00e3o da Profa. Maria Helena Marziale (Pr\u00f3-Reitora de Pesquisa e Inova\u00e7\u00e3o).<\/div>\n<div>\u00a0<\/div>\n<div>Por favor, pedimos que divulguem amplamente em suas Unidades.<\/div>\n<div>\u00a0<\/div>\n<div><u>USP Pensa Brasil<\/u><\/div>\n<div>Mesa Redonda:\u00a0<b>Conhecimento Cient\u00edfico, Democracia e Universidade: Protegendo as Diferen\u00e7as do Pensar<\/b><\/div>\n<div>Palestrantes:<b>\u00a0Profa. Nina Ranieri (FD-USP) e Prof. Antonio Meirelles (FAPESP)<\/b><\/div>\n<div>Mediadora:\u00a0\u00a0<b>Profa. Maria Helena Marziale (Pr\u00f3-Reitora de Pesquisa e Inova\u00e7\u00e3o)<\/b><\/div>\n<div>Data:\u00a0<b>15\/09\/2026 (ter\u00e7a-feira)<\/b><\/div>\n<div>Hor\u00e1rio:<b>\u00a016h30 \u00e0s 18h30<\/b><\/div>\n<div>Local:\u00a0<b>Audit\u00f3rio Istv\u00e1n Jancs\u00f3 | Espa\u00e7o\u00a0<a href=\"https:\/\/www.google.com\/maps\/search\/Brasiliana++(Rua+da+Biblioteca,+21?entry=gmail&amp;source=g\" data-saferedirecturl=\"https:\/\/www.google.com\/url?q=https:\/\/www.google.com\/maps\/search\/Brasiliana%2B%2B(Rua%2Bda%2BBiblioteca,%2B21?entry%3Dgmail%26source%3Dg&amp;source=gmail&amp;ust=1788286646467000&amp;usg=AOvVaw1hS6xUtyW1wwmP8DVywXeM\">Brasiliana\u00a0<\/a><\/b><a href=\"https:\/\/www.google.com\/maps\/search\/Brasiliana++(Rua+da+Biblioteca,+21?entry=gmail&amp;source=g\" data-saferedirecturl=\"https:\/\/www.google.com\/url?q=https:\/\/www.google.com\/maps\/search\/Brasiliana%2B%2B(Rua%2Bda%2BBiblioteca,%2B21?entry%3Dgmail%26source%3Dg&amp;source=gmail&amp;ust=1788286646467000&amp;usg=AOvVaw1hS6xUtyW1wwmP8DVywXeM\">(Rua da Biblioteca, 21<\/a>)<\/div>\n<div>Inscri\u00e7\u00f5es:\u00a0<a href=\"https:\/\/www.pensabrasil.usp.br\/inscricoes\" target=\"_blank\" rel=\"noopener\" data-saferedirecturl=\"https:\/\/www.google.com\/url?q=https:\/\/www.pensabrasil.usp.br\/inscricoes&amp;source=gmail&amp;ust=1788286646467000&amp;usg=AOvVaw08K3jEwUQB4_I3bX9lYM4f\">https:\/\/www.<wbr \/>pensabrasil.usp.br\/inscricoes<\/a><\/div>\n<div>\u00a0<\/div>\n<div>\u00a0<\/div>\n<div><img loading=\"lazy\" decoding=\"async\" class=\"alignnone size-full wp-image-1186\" src=\"https:\/\/admin.eesc.usp.br\/fomento\/wp-content\/uploads\/2026\/09\/usp-brasil.png\" alt=\"\" width=\"949\" height=\"950\" srcset=\"https:\/\/admin.eesc.usp.br\/fomento\/wp-content\/uploads\/2026\/09\/usp-brasil.png 949w, https:\/\/admin.eesc.usp.br\/fomento\/wp-content\/uploads\/2026\/09\/usp-brasil-300x300.png 300w, https:\/\/admin.eesc.usp.br\/fomento\/wp-content\/uploads\/2026\/09\/usp-brasil-150x150.png 150w, https:\/\/admin.eesc.usp.br\/fomento\/wp-content\/uploads\/2026\/09\/usp-brasil-768x769.png 768w\" sizes=\"auto, (max-width: 949px) 100vw, 949px\" \/><\/div>\n<div>\u00a0<\/div>\n<div><strong>Texto:<\/strong> Pr\u00f3-Reitoria de Pesquisa e Inova\u00e7\u00e3o &#8211; USP<\/div>\n","protected":false},"excerpt":{"rendered":"<p>O\u00a0USP Pensa Brasil\u00a0ser\u00e1 realizado entre 14 e 18 de setembro de 2026 com o tema &#8220;Crise da Democracia e Viol\u00eancia Social&#8221;. A Pr\u00f3-Reitoria de Pesquisa e Inova\u00e7\u00e3o est\u00e1 presente na programa\u00e7\u00e3o do evento com a mesa &#8220;Conhecimento Cient\u00edfico, Democracia e Universidade: Protegendo as Diferen\u00e7as do Pensar&#8220;, com a participa\u00e7\u00e3o da Profa. Nina Ranieri (FD-USP) e [&hellip;]<\/p>\n","protected":false},"author":3,"featured_media":0,"comment_status":"closed","ping_status":"closed","sticky":false,"template":"","format":"standard","meta":{"footnotes":""},"categories":[4],"tags":[],"class_list":["post-1184","post","type-post","status-publish","format-standard","hentry","category-eventos"],"_links":{"self":[{"href":"https:\/\/admin.eesc.usp.br\/fomento\/index.php?rest_route=\/wp\/v2\/posts\/1184","targetHints":{"allow":["GET"]}}],"collection":[{"href":"https:\/\/admin.eesc.usp.br\/fomento\/index.php?rest_route=\/wp\/v2\/posts"}],"about":[{"href":"https:\/\/admin.eesc.usp.br\/fomento\/index.php?rest_route=\/wp\/v2\/types\/post"}],"author":[{"embeddable":true,"href":"https:\/\/admin.eesc.usp.br\/fomento\/index.php?rest_route=\/wp\/v2\/users\/3"}],"replies":[{"embeddable":true,"href":"https:\/\/admin.eesc.usp.br\/fomento\/index.php?rest_route=%2Fwp%2Fv2%2Fcomments&post=1184"}],"version-history":[{"count":2,"href":"https:\/\/admin.eesc.usp.br\/fomento\/index.php?rest_route=\/wp\/v2\/posts\/1184\/revisions"}],"predecessor-version":[{"id":1187,"href":"https:\/\/admin.eesc.usp.br\/fomento\/index.php?rest_route=\/wp\/v2\/posts\/1184\/revisions\/1187"}],"wp:attachment":[{"href":"https:\/\/admin.eesc.usp.br\/fomento\/index.php?rest_route=%2Fwp%2Fv2%2Fmedia&parent=1184"}],"wp:term":[{"taxonomy":"category","embeddable":true,"href":"https:\/\/admin.eesc.usp.br\/fomento\/index.php?rest_route=%2Fwp%2Fv2%2Fcategories&post=1184"},{"taxonomy":"post_tag","embeddable":true,"href":"https:\/\/admin.eesc.usp.br\/fomento\/index.php?rest_route=%2Fwp%2Fv2%2Ftags&post=1184"}],"curies":[{"name":"wp","href":"https:\/\/api.w.org\/{rel}","templated":true}]}}